{"id":1613,"date":"2020-03-15T10:15:37","date_gmt":"2020-03-15T09:15:37","guid":{"rendered":"http:\/\/europrovidus.com.pl\/site\/?p=1613"},"modified":"2020-11-17T17:05:44","modified_gmt":"2020-11-17T16:05:44","slug":"ochrona-danych-osobowych","status":"publish","type":"post","link":"https:\/\/europrovidus.com.pl\/site\/?p=1613","title":{"rendered":"OCHRONA DANYCH OSOBOWYCH"},"content":{"rendered":"\n<h4>Klauzula informacyjna<\/h4>\n\n\n\n<p>Zgodnie z obowi\u0105zuj\u0105cym od dnia 25 maja 2018r. Rozporz\u0105dzeniem Parlamentu Europejskiego i Rady (UE) 2016\/679 z dnia 27 kwietnia 2016r. w sprawie ochrony os\u00f3b fizycznych w&nbsp;zwi\u0105zku z&nbsp;przetwarzaniem danych osobowych i&nbsp;w sprawie swobodnego przep\u0142ywu takich danych oraz uchylenia dyrektywy 95\/46\/WE (og\u00f3lne rozporz\u0105dzenie o&nbsp;ochronie danych) Euro Providus SA z siedzib\u0105 w Cz\u0119stochowie, ul. Rac\u0142awicka 22, jako administrator danych osobowych, informuj\u0119 Pana\/ Pani\u0105, i\u017c:<\/p>\n\n\n\n<figure class=\"wp-block-table is-style-stripes\"><table><tbody><tr><td colspan=\"2\"><strong>Informacje dotycz\u0105ce przetwarzania danych osobowych<\/strong><\/td><\/tr><tr><td><strong>Administrator danych<\/strong><\/td><td>Administratorem Pani\/Pana danych jest &nbsp; Euro Providus S.A. w Cz\u0119stochowie ul. Rac\u0142awicka 22, 42-200 Cz\u0119stochowa<\/td><\/tr><tr><td><strong>Dane kontaktowe<\/strong><\/td><td>Z administratorem mo\u017cna si\u0119 skontaktowa\u0107 poprzez adres email:&nbsp;<a href=\"mailto:biuro@europrovidus.home.pl\">biuro@europrovidus.home.pl<\/a>&nbsp;,lub pisemnie pod adresem Euro Providus SA, ul. Rac\u0142awicka 22, 42-200 Cz\u0119stochowa.U administratora danych osobowych wyznaczony jest inspektor ochrony danych z kt\u00f3rym mo\u017cna si\u0119 skontaktowa\u0107 poprzez email:&nbsp;<a href=\"mailto:rodo@europrovidus.home.pl\">rodo@europrovidus.home.pl<\/a>&nbsp;lub pisemnie na adres ul. Rac\u0142awicka 22, 42-200 Cz\u0119stochowa.Z inspektorem ochrony danych mo\u017cna si\u0119 kontaktowa\u0107 we wszystkich sprawach dotycz\u0105cych przetwarzania danych osobowych oraz korzystania z praw zwi\u0105zanych z przetwarzaniem danych.<\/td><\/tr><tr><td><strong>Cele przetwarzania oraz podstawa prawna przetwarzania<\/strong><\/td><td>Pani\/Pana dane osobowe b\u0119d\u0105 przetwarzane w celu:oceny zdolno\u015bci kredytowej do zawarcia umowy o po\u017cyczk\u0119 got\u00f3wkow\u0105 \u2013 podstaw\u0105 przetwarzania jest wyra\u017cona we wniosku wola Pani\/Pana zawarcia umowy o po\u017cyczk\u0119 got\u00f3wkow\u0105, dla potrzeb kt\u00f3rej administrator dokonuje oceny zdolno\u015bci kredytowej do zawarcia umowy o po\u017cyczk\u0119 got\u00f3wkow\u0105 &#8211;&nbsp;art. 6 ust. 1 pkt b og\u00f3lnego rozporz\u0105dzenia o ochronie danych osobowych;zawarcia i realizacji umowy o po\u017cyczk\u0119 got\u00f3wkow\u0105 \u2013 podstaw\u0105 przetwarzania jest niezb\u0119dno\u015b\u0107 przetwarzania do wykonania umowy o po\u017cyczk\u0119 got\u00f3wkow\u0105 &#8211;&nbsp;art. 6 ust. 1 pkt b og\u00f3lnego rozporz\u0105dzenia o ochronie danych osobowych;marketingu bezpo\u015bredniego produkt\u00f3w i us\u0142ug administratora, w tym w celach analitycznych i profilowania \u2013 podstaw\u0105 prawn\u0105 przetwarzania danych jest niezb\u0119dno\u015b\u0107 przetwarzania do realizacji prawnie uzasadnionego interesu administratora; uzasadnionym interesem administratora jest mo\u017cliwo\u015b\u0107 przedstawiania klientowi informacji o swoich us\u0142ugach, przedstawiania ofert dopasowanych do potrzeb i zainteresowa\u0144 klienta, zwi\u0119kszenie sprzeda\u017cy swoich us\u0142ug \u2013 art. 6 ust 1 pkt f&nbsp;og\u00f3lnego rozporz\u0105dzenia o ochronie danych osobowych.<\/td><\/tr><tr><td><strong>Odbiorcy danych<\/strong><\/td><td>Pani\/Pana dane mog\u0105 by\u0107 przekazywane podmiotom przetwarzaj\u0105cym dane osobowe na zlecenie administratora, m.in. dostawcom us\u0142ug telekomunikacyjnych, agencjom marketingowym, firmie ksi\u0119gowej, podmiotom \u015bwiadcz\u0105cym us\u0142ugi windykacji lub nabywania nale\u017cno\u015bci administratora, \u2013 przy czym takie podmioty przetwarzaj\u0105 dane na podstawie umowy z administratorem i wy\u0142\u0105cznie zgodnie z poleceniami administratora.<\/td><\/tr><tr><td><strong>Okres przechowywania danych<\/strong><\/td><td>Pani\/Pana dane osobowe b\u0119d\u0105 przechowywane do momentu przedawnienia Pani\/Pana roszcze\u0144 wynikaj\u0105cych z zawartej z administratorem umowy po\u017cyczki got\u00f3wkowej. Administrator przestanie wcze\u015bniej przetwarza\u0107 dane wykorzystywane do cel\u00f3w marketingu bezpo\u015bredniego je\u017celi zg\u0142osi Pani\/Pan sprzeciw wobec przetwarzania Pani\/Pana danych w tych celach.W zakresie prowadzenia ksi\u0105g rachunkowych przez okres wymagany przepisami prawa &#8211; 5 lat licz\u0105c od pocz\u0105tku roku nast\u0119puj\u0105cego &nbsp; po roku obrotowym kt\u00f3rego dane dotycz\u0105;<\/td><\/tr><tr><td><strong>Prawa osoby, kt\u00f3rej dane dotycz\u0105<\/strong><\/td><td>Przys\u0142uguje Pani\/Panu prawo dost\u0119pu do Pani\/Pana danych oraz prawo \u017c\u0105dania ich sprostowania, ich usuni\u0119cia lub ograniczenia ich przetwarzania.W zakresie, w jakim podstaw\u0105 przetwarzania Pani\/Pana danych osobowych jest przes\u0142anka prawnie uzasadnionego interesu administratora, przys\u0142uguje Pani\/Panu prawo wniesienia sprzeciwu wobec przetwarzania Pani\/Pana danych osobowych. W szczeg\u00f3lno\u015bci przys\u0142uguje Pani\/Panu prawo sprzeciwu wobec przetwarzania danych na potrzeby marketingu bezpo\u015bredniego oraz profilowania.W zakresie, w jakim Pani\/Pana dane s\u0105 przetwarzane w spos\u00f3b zautomatyzowany w celu zawarcia i wykonywania umowy lub przetwarzane na podstawie zgody \u2013 przys\u0142uguje Pani\/Panu tak\u017ce prawo do przenoszenia danych osobowych, tj. do otrzymania od administratora Pani\/Pana danych osobowych, w ustrukturyzowanym, powszechnie u\u017cywanym formacie nadaj\u0105cym si\u0119 do odczytu maszynowego. Mo\u017ce Pani\/Pan przes\u0142a\u0107 te dane innemu administratorowi danych.Przys\u0142uguje Pani\/Panu r\u00f3wnie\u017c prawo wniesienia skargi do organu nadzorczego zajmuj\u0105cego si\u0119 ochron\u0105 danych osobowych.W celu skorzystania z powy\u017cszych praw nale\u017cy skontaktowa\u0107 si\u0119 z administratorem danych lub z inspektorem ochrony danych. Dane kontaktowe wskazane s\u0105 wy\u017cej.<\/td><\/tr><tr><td><strong>Informacja o wymogu podania danych<\/strong><\/td><td>Podanie danych osobowych jest dobrowolne, ale niezb\u0119dne w celu zawarcia i realizacji umowy po\u017cyczki got\u00f3wkowej; niepodanie danych uniemo\u017cliwi zawarcie umowy po\u017cyczki got\u00f3wkowej.<\/td><\/tr><\/tbody><\/table><\/figure>\n","protected":false},"excerpt":{"rendered":"<p>RODO (Rozporz\u0105dzenie Og\u00f3lne o Ochronie Danych Osobowych) to unijny, wi\u0105\u017c\u0105cy akt prawny, zawieraj\u0105cy przepisy o ochronie os\u00f3b fizycznych w zwi\u0105zku z przetwarzaniem danych osobowych oraz przepisy o swobodnym przep\u0142ywie danych osobowych. 24 maja 2016 r. wszed\u0142 w \u017cycie, jednak zacznie obowi\u0105zywa\u0107 dopiero od 25 maja 2018 roku.<\/p>\n","protected":false},"author":1,"featured_media":1645,"comment_status":"closed","ping_status":"open","sticky":false,"template":"","format":"standard","meta":[],"categories":[61],"tags":[],"_links":{"self":[{"href":"https:\/\/europrovidus.com.pl\/site\/index.php?rest_route=\/wp\/v2\/posts\/1613"}],"collection":[{"href":"https:\/\/europrovidus.com.pl\/site\/index.php?rest_route=\/wp\/v2\/posts"}],"about":[{"href":"https:\/\/europrovidus.com.pl\/site\/index.php?rest_route=\/wp\/v2\/types\/post"}],"author":[{"embeddable":true,"href":"https:\/\/europrovidus.com.pl\/site\/index.php?rest_route=\/wp\/v2\/users\/1"}],"replies":[{"embeddable":true,"href":"https:\/\/europrovidus.com.pl\/site\/index.php?rest_route=%2Fwp%2Fv2%2Fcomments&post=1613"}],"version-history":[{"count":3,"href":"https:\/\/europrovidus.com.pl\/site\/index.php?rest_route=\/wp\/v2\/posts\/1613\/revisions"}],"predecessor-version":[{"id":1617,"href":"https:\/\/europrovidus.com.pl\/site\/index.php?rest_route=\/wp\/v2\/posts\/1613\/revisions\/1617"}],"wp:featuredmedia":[{"embeddable":true,"href":"https:\/\/europrovidus.com.pl\/site\/index.php?rest_route=\/wp\/v2\/media\/1645"}],"wp:attachment":[{"href":"https:\/\/europrovidus.com.pl\/site\/index.php?rest_route=%2Fwp%2Fv2%2Fmedia&parent=1613"}],"wp:term":[{"taxonomy":"category","embeddable":true,"href":"https:\/\/europrovidus.com.pl\/site\/index.php?rest_route=%2Fwp%2Fv2%2Fcategories&post=1613"},{"taxonomy":"post_tag","embeddable":true,"href":"https:\/\/europrovidus.com.pl\/site\/index.php?rest_route=%2Fwp%2Fv2%2Ftags&post=1613"}],"curies":[{"name":"wp","href":"https:\/\/api.w.org\/{rel}","templated":true}]}}