{"id":1574,"date":"2020-11-04T10:53:00","date_gmt":"2020-11-04T09:53:00","guid":{"rendered":"http:\/\/europrovidus.com.pl\/site\/?p=1574"},"modified":"2020-11-17T17:05:44","modified_gmt":"2020-11-17T16:05:44","slug":"trzecie-wezwanie-do-zlozenia-akcji-w-spolce","status":"publish","type":"post","link":"https:\/\/europrovidus.com.pl\/site\/?p=1574","title":{"rendered":"Trzecie wezwanie do z\u0142o\u017cenia akcji w sp\u00f3\u0142ce"},"content":{"rendered":"\n<p>W zwi\u0105zku z wej\u015bciem w \u017cycie ustawy z dnia 30 sierpnia 2019 r. o zmianie ustawy Kodeks sp\u00f3\u0142ek handlowych oraz niekt\u00f3rych innych ustaw (Dz. U. z 2019 r., poz. 1798), dalej jako \u201e<strong>Ustawa<\/strong>\u201d, Euro Providus SA (dalej jako:&nbsp;\u201e<strong>Sp\u00f3\u0142ka\u201d<\/strong>), informuje akcjonariuszy o wprowadzeniu do polskiego porz\u0105dku prawnego&nbsp;<strong>obowi\u0105zkowej dematerializacji akcji sp\u00f3\u0142ek, kt\u00f3ra oznacza zast\u0105pienie papierowej formy akcji zapisem elektronicznym w rejestrze akcjonariuszy&nbsp;<\/strong>prowadzonym przez podmiot, o kt\u00f3rym mowa w art. 328<sup>1<\/sup>&nbsp;&nbsp;\u00a7 2 Kodeksu sp\u00f3\u0142ek handlowych w brzmieniu okre\u015blonym Ustaw\u0105.<\/p>\n\n\n\n<p>Zgodnie z wprowadzonymi zmianami moc obowi\u0105zuj\u0105cych dokument\u00f3w akcji wydanych przez Sp\u00f3\u0142k\u0119 wygasa z mocy prawa z dniem 1 marca 2021 r. Po tym dniu akcje nie b\u0119d\u0105 dokumentem potwierdzaj\u0105cym status akcjonariusza, lecz wy\u0142\u0105cznie dokumentem dowodowym, niezb\u0119dnym do aktualizacji&nbsp;<strong>elektronicznego rejestru akcjonariuszy<\/strong>. Natomiast po dniu 1 marca 2026 r. nast\u0105pi utrata ochrony praw cz\u0142onkowskich przez akcjonariuszy, kt\u00f3rych dokumenty&nbsp;<strong>akcji nie zosta\u0142y z\u0142o\u017cone w sp\u00f3\u0142ce i nie zosta\u0142y uj\u0119te w elektronicznym rejestrze akcjonariuszy<\/strong>.<\/p>\n\n\n\n<p>W zwi\u0105zku z powy\u017cszymi zmianami, <strong>zarz\u0105d Sp\u00f3\u0142ki wzywa<\/strong>&nbsp; po raz trzeci akcjonariusza Sp\u00f3\u0142ki Christopha Szara\u0144ca do z\u0142o\u017cenia posiadanych dokument\u00f3w akcji w terminie do dnia 28 lutego 2021r. w celu ich dematerializacji. Dokumenty akcji nale\u017cy sk\u0142ada\u0107 w siedzibie Sp\u00f3\u0142ki tj. ul. Rac\u0142awicka 22, 42-200 Cz\u0119stochowa, w dniach roboczych (od poniedzia\u0142ku do pi\u0105tku) w godzinach 9.00 \u2013 17.00.<\/p>\n\n\n\n<p>Cz\u0119stochowa, 4.11.2020r.<\/p>\n","protected":false},"excerpt":{"rendered":"<p>W zwi\u0105zku z wej\u015bciem w \u017cycie ustawy z dnia 30 sierpnia 2019 r. o zmianie ustawy Kodeks sp\u00f3\u0142ek handlowych oraz niekt\u00f3rych innych ustaw (Dz. U. z 2019 r., poz. 1798), &#8230;<\/p>\n","protected":false},"author":1,"featured_media":1359,"comment_status":"closed","ping_status":"open","sticky":false,"template":"","format":"standard","meta":[],"categories":[20],"tags":[],"_links":{"self":[{"href":"https:\/\/europrovidus.com.pl\/site\/index.php?rest_route=\/wp\/v2\/posts\/1574"}],"collection":[{"href":"https:\/\/europrovidus.com.pl\/site\/index.php?rest_route=\/wp\/v2\/posts"}],"about":[{"href":"https:\/\/europrovidus.com.pl\/site\/index.php?rest_route=\/wp\/v2\/types\/post"}],"author":[{"embeddable":true,"href":"https:\/\/europrovidus.com.pl\/site\/index.php?rest_route=\/wp\/v2\/users\/1"}],"replies":[{"embeddable":true,"href":"https:\/\/europrovidus.com.pl\/site\/index.php?rest_route=%2Fwp%2Fv2%2Fcomments&post=1574"}],"version-history":[{"count":3,"href":"https:\/\/europrovidus.com.pl\/site\/index.php?rest_route=\/wp\/v2\/posts\/1574\/revisions"}],"predecessor-version":[{"id":1607,"href":"https:\/\/europrovidus.com.pl\/site\/index.php?rest_route=\/wp\/v2\/posts\/1574\/revisions\/1607"}],"wp:featuredmedia":[{"embeddable":true,"href":"https:\/\/europrovidus.com.pl\/site\/index.php?rest_route=\/wp\/v2\/media\/1359"}],"wp:attachment":[{"href":"https:\/\/europrovidus.com.pl\/site\/index.php?rest_route=%2Fwp%2Fv2%2Fmedia&parent=1574"}],"wp:term":[{"taxonomy":"category","embeddable":true,"href":"https:\/\/europrovidus.com.pl\/site\/index.php?rest_route=%2Fwp%2Fv2%2Fcategories&post=1574"},{"taxonomy":"post_tag","embeddable":true,"href":"https:\/\/europrovidus.com.pl\/site\/index.php?rest_route=%2Fwp%2Fv2%2Ftags&post=1574"}],"curies":[{"name":"wp","href":"https:\/\/api.w.org\/{rel}","templated":true}]}}