{"id":1538,"date":"2020-02-21T11:33:32","date_gmt":"2020-02-21T10:33:32","guid":{"rendered":"http:\/\/europrovidus.com.pl\/site\/?p=1538"},"modified":"2025-07-10T13:39:54","modified_gmt":"2025-07-10T11:39:54","slug":"wezwanie","status":"publish","type":"post","link":"https:\/\/europrovidus.com.pl\/site\/?p=1538","title":{"rendered":"DLA AKCJONARIUSZY"},"content":{"rendered":"\n<p><em>09-06-2025 r.<\/em><\/p>\n\n\n\n<p><strong>Og\u0142oszenie o zwo\u0142aniu Zwyczajnego Walnego Zgromadzenia Akcjonariuszy w dniu 11.06.2025 r.<\/strong><\/p>\n\n\n\n<p><strong><br>Zarz\u0105d Euro Providus SA z siedzib\u0105 w Cz\u0119stochowie, ul. Rac\u0142awicka 22 wpisanej do Krajowego Rejestru S\u0105dowego pod numerem KRS 0000248917, dzia\u0142aj\u0105c na podstawie art. 399 \u00a7 1 i art. 402 \u00a71 i \u00a72 Kodeksu Sp\u00f3\u0142ek Handlowych, zwo\u0142uje Zwyczajne Walne Zgromadzenie Sp\u00f3\u0142ki Euro Providus S.A. na dzie\u0144 11.06.2024 r. o godz. 11.00, kt\u00f3re odb\u0119dzie si\u0119 w Kancelarii Notarialnej Notariusza Paw\u0142a Gand\u017cy we Wroc\u0142awiu przy ul. Powsta\u0144c\u00f3w \u015al\u0105skich nr 1 l.30.<\/strong><\/p>\n\n\n\n<p><strong>Porz\u0105dek obrad:<\/strong><\/p>\n\n\n\n<ol type=\"1\"><li>Otwarcie Zgromadzenia.<\/li><li>Wyznaczenie Przewodnicz\u0105cego Zgromadzenia.<\/li><li>Przyj\u0119cie porz\u0105dku obrad oraz stwierdzenie zdolno\u015bci Zgromadzenia do podejmowania wa\u017cnych uchwa\u0142.<\/li><li>Podj\u0119cie uchwa\u0142y w sprawie zatwierdzenia sprawozdania Zarz\u0105du z dzia\u0142alno\u015bci Sp\u00f3\u0142ki za rok 2024 oraz sprawozdania finansowego sporz\u0105dzonego na dzie\u0144 31.12.2024r.<\/li><li>Podj\u0119cie uchwa\u0142 w sprawie dalszego istnienia sp\u00f3\u0142ki.<\/li><li>Podj\u0119cie uchwa\u0142 w sprawie udzielenia absolutorium Cz\u0142onkom Zarz\u0105du z wykonania obowi\u0105zk\u00f3w w roku obrotowym 2024.<\/li><li>Podj\u0119cie uchwa\u0142y w sprawie udzielenia absolutorium Cz\u0142onkom Rady Nadzorczej z wykonania obowi\u0105zk\u00f3w w roku obrotowym 2024.<\/li><li>Podj\u0119cie uchwa\u0142y w sprawie przeznaczenia zysku netto Sp\u00f3\u0142ki za rok obrotowy 2024.<\/li><li>Zamkni\u0119cie obrad Walnego Zgromadzenia.<\/li><\/ol>\n\n\n\n<p><\/p>\n\n\n\n<p><em>25-06-2024 r.<\/em><\/p>\n\n\n\n<p><strong>Og\u0142oszenie o zwo\u0142aniu Zwyczajnego Walnego Zgromadzenia Akcjonariuszy w dniu 27.06.2024 r.<\/strong><\/p>\n\n\n\n<p><strong><br>Zarz\u0105d Euro Providus SA z siedzib\u0105 w Cz\u0119stochowie, ul. Rac\u0142awicka 22 wpisanej do Krajowego Rejestru S\u0105dowego pod numerem KRS 0000248917, dzia\u0142aj\u0105c na podstawie art. 399 \u00a7 1 i art. 402 \u00a71 i \u00a72 Kodeksu Sp\u00f3\u0142ek Handlowych, zwo\u0142uje Zwyczajne Walne Zgromadzenie Sp\u00f3\u0142ki Euro Providus S.A. na dzie\u0144 27.06.2024 r. o godz. 14.00, kt\u00f3re odb\u0119dzie si\u0119 w Kancelarii Notarialnej Notariusza Paw\u0142a Gand\u017cy we Wroc\u0142awiu przy ul. Powsta\u0144c\u00f3w \u015al\u0105skich nr 1 l.30.<\/strong><\/p>\n\n\n\n<p><strong>Porz\u0105dek obrad:<\/strong><\/p>\n\n\n\n<ol type=\"1\"><li>Otwarcie Zgromadzenia.<\/li><li>Wyznaczenie Przewodnicz\u0105cego Zgromadzenia.<\/li><li>Przyj\u0119cie porz\u0105dku obrad oraz stwierdzenie zdolno\u015bci Zgromadzenia do podejmowania wa\u017cnych uchwa\u0142.<\/li><li>Podj\u0119cie uchwa\u0142y w sprawie zatwierdzenia sprawozdania Zarz\u0105du z dzia\u0142alno\u015bci Sp\u00f3\u0142ki za rok 2023 oraz sprawozdania finansowego sporz\u0105dzonego na dzie\u0144 31.12.2023r.<\/li><li>Podj\u0119cie uchwa\u0142 w sprawie dalszego istnienia sp\u00f3\u0142ki.<\/li><li>Podj\u0119cie uchwa\u0142 w sprawie udzielenia absolutorium Cz\u0142onkom Zarz\u0105du z wykonania obowi\u0105zk\u00f3w w roku obrotowym 2023.<\/li><li>Podj\u0119cie uchwa\u0142y w sprawie udzielenia absolutorium Cz\u0142onkom Rady Nadzorczej z wykonania obowi\u0105zk\u00f3w w roku obrotowym 2023.<\/li><li>Podj\u0119cie uchwa\u0142y w sprawie przeznaczenia zysku netto Sp\u00f3\u0142ki za rok obrotowy 2023.<\/li><li>Zamkni\u0119cie obrad Walnego Zgromadzenia.<\/li><\/ol>\n\n\n\n<p><\/p>\n\n\n\n<p><em>29-06-2023 r.<\/em><\/p>\n\n\n\n<p><strong>Og\u0142oszenie o zwo\u0142aniu Zwyczajnego Walnego Zgromadzenia Akcjonariuszy w dniu 30.06.2023 r.<\/strong><\/p>\n\n\n\n<p><strong><br>Zarz\u0105d Euro Providus SA z siedzib\u0105 w Cz\u0119stochowie, ul. Rac\u0142awicka 22 wpisanej do Krajowego Rejestru S\u0105dowego pod numerem KRS 0000248917, dzia\u0142aj\u0105c na podstawie art. 399 \u00a7 1 i art. 402 \u00a71 i \u00a72 Kodeksu Sp\u00f3\u0142ek Handlowych, zwo\u0142uje Zwyczajne Walne Zgromadzenie Sp\u00f3\u0142ki Euro Providus S.A. na dzie\u0144 30.06.2023 r. o godz. 10.00, kt\u00f3re odb\u0119dzie si\u0119 w Kancelarii Notarialnej Notariusza Paw\u0142a Gand\u017cy we Wroc\u0142awiu przy ul. Powsta\u0144c\u00f3w \u015al\u0105skich nr 1 l.30.<\/strong><\/p>\n\n\n\n<p><strong>Porz\u0105dek obrad:<\/strong><\/p>\n\n\n\n<ol type=\"1\"><li>Otwarcie Zgromadzenia.<\/li><li>Wyznaczenie Przewodnicz\u0105cego Zgromadzenia.<\/li><li>Przyj\u0119cie porz\u0105dku obrad oraz stwierdzenie zdolno\u015bci Zgromadzenia do podejmowania wa\u017cnych uchwa\u0142.<\/li><li>Podj\u0119cie uchwa\u0142y w sprawie zatwierdzenia sprawozdania Zarz\u0105du z dzia\u0142alno\u015bci Sp\u00f3\u0142ki za rok 2022 oraz sprawozdania finansowego sporz\u0105dzonego na dzie\u0144 31.12.2022r.<\/li><li>Podj\u0119cie uchwa\u0142 w sprawie dalszego istnienia sp\u00f3\u0142ki.<\/li><li>Podj\u0119cie uchwa\u0142 w sprawie udzielenia absolutorium Cz\u0142onkom Zarz\u0105du z wykonania obowi\u0105zk\u00f3w w roku obrotowym 2022.<\/li><li>Podj\u0119cie uchwa\u0142y w sprawie udzielenia absolutorium Cz\u0142onkom Rady Nadzorczej z wykonania obowi\u0105zk\u00f3w w roku obrotowym 2022.<\/li><li>Podj\u0119cie uchwa\u0142y w sprawie przeznaczenia zysku netto Sp\u00f3\u0142ki za rok obrotowy 2022.<\/li><li>Zamkni\u0119cie obrad Walnego Zgromadzenia.<\/li><\/ol>\n\n\n\n<p><\/p>\n\n\n\n<p><em>20-06-2022<\/em><\/p>\n\n\n\n<p><strong>Og\u0142oszenie o zwo\u0142aniu Zwyczajnego Walnego Zgromadzenia Akcjonariuszy w dniu 21.06.2022r.<\/strong><\/p>\n\n\n\n<p><strong><br>Zarz\u0105d Euro Providus SA z siedzib\u0105 w Cz\u0119stochowie, ul. Rac\u0142awicka 22 wpisanej do Krajowego Rejestru S\u0105dowego pod numerem KRS 0000248917, dzia\u0142aj\u0105c na podstawie art. 399 \u00a7 1 i art. 402 \u00a71 i \u00a72 Kodeksu Sp\u00f3\u0142ek Handlowych, zwo\u0142uje Zwyczajne Walne Zgromadzenie Sp\u00f3\u0142ki Euro Providus S.A. na dzie\u0144 21.06.2022 r. o godz. 10.00, kt\u00f3re odb\u0119dzie si\u0119 w Kancelarii Notarialnej Notariusza Paw\u0142a Gand\u017cy we Wroc\u0142awiu przy ul. Powsta\u0144c\u00f3w \u015al\u0105skich nr 1 l.30.<\/strong><br><\/p>\n\n\n\n<p><strong>Porz\u0105dek obrad:<\/strong><\/p>\n\n\n\n<ol><li>Otwarcie Zgromadzenia.<\/li><li>Wyznaczenie Przewodnicz\u0105cego Zgromadzenia.<\/li><li>Przyj\u0119cie porz\u0105dku obrad i stwierdzenie prawid\u0142owo\u015bci zwo\u0142ania Walnego Zgromadzenia i jego zdolno\u015bci do podejmowania uchwa\u0142.<\/li><li>Podj\u0119cie uchwa\u0142y w sprawie zatwierdzenia sprawozdania Zarz\u0105du z dzia\u0142alno\u015bci Sp\u00f3\u0142ki za rok obrotowy 2021 oraz sprawozdania finansowego sporz\u0105dzonego na dzie\u0144 31.12.2021r.<\/li><li>Podj\u0119cie uchwa\u0142y w sprawie dalszego istnienia sp\u00f3\u0142ki.<\/li><li>Podj\u0119cie uchwa\u0142y w sprawie udzielenia absolutorium Cz\u0142onkom Zarz\u0105du z wykonania obowi\u0105zk\u00f3w w roku obrotowym 2021.<\/li><li>Podj\u0119cie uchwa\u0142y w sprawie udzielenia absolutorium Cz\u0142onkom Rady Nadzorczej z wykonania obowi\u0105zk\u00f3w w roku obrotowym 2021.<\/li><li>Podj\u0119cie uchwa\u0142y w sprawie pokrycia straty za 2021r. z zysk\u00f3w z przysz\u0142ych okres\u00f3w.<\/li><li>Zamkni\u0119cie obrad.<\/li><\/ol>\n\n\n\n<p><\/p>\n\n\n\n<p><em>16-06-2021<\/em><\/p>\n\n\n\n<p><strong>Og\u0142oszenie o zwo\u0142aniu&nbsp; Zwyczajnego Walnego Zgromadzenia Akcjonariuszy&nbsp; w dniu 17.06.2021r.<\/strong><\/p>\n\n\n\n<p><strong>Zarz\u0105d Euro Providus SA z siedzib\u0105 w Cz\u0119stochowie, ul. Rac\u0142awicka 22 wpisanej do Krajowego Rejestru S\u0105dowego pod numerem KRS 0000248917, dzia\u0142aj\u0105c na podstawie art. 399 \u00a7 1 i art. 402 \u00a71 i \u00a72 Kodeksu Sp\u00f3\u0142ek Handlowych, zwo\u0142uje Zwyczajne Walne Zgromadzenie Sp\u00f3\u0142ki Euro Providus S.A. na dzie\u0144 17.06.2021 r. o godz. 11.00, kt\u00f3re odb\u0119dzie si\u0119 w Kancelarii Notarialnej Notariusza Paw\u0142a Gand\u017cy we Wroc\u0142awiu przy ul. Powsta\u0144c\u00f3w \u015al\u0105skich nr 1 l.30.<\/strong><\/p>\n\n\n\n<p><strong>Porz\u0105dek obrad:<\/strong><\/p>\n\n\n\n<ol type=\"1\"><li>Otwarcie Zgromadzenia.<\/li><li>Wyznaczenie Przewodnicz\u0105cego Zgromadzenia.<\/li><li>Przyj\u0119cie porz\u0105dku obrad i stwierdzenie prawid\u0142owo\u015bci zwo\u0142ania Walnego Zgromadzenia i jego zdolno\u015bci do podejmowania uchwa\u0142.<\/li><li>Podj\u0119cie uchwa\u0142y w sprawie zatwierdzenia sprawozdania Zarz\u0105du z dzia\u0142alno\u015bci Sp\u00f3\u0142ki za rok obrotowy 2020 oraz sprawozdania finansowego sporz\u0105dzonego na dzie\u0144 31.12.2020r.<\/li><li>Podj\u0119cie uchwa\u0142y w sprawie dalszego istnienia sp\u00f3\u0142ki.<\/li><li>Podj\u0119cie uchwa\u0142y w sprawie udzielenia absolutorium Cz\u0142onkom Zarz\u0105du z wykonania obowi\u0105zk\u00f3w w roku obrotowym 2020.<\/li><li>Podj\u0119cie uchwa\u0142y w sprawie udzielenia absolutorium Cz\u0142onkom Rady Nadzorczej z wykonania obowi\u0105zk\u00f3w w roku obrotowym 2020.<\/li><li>&nbsp;Podj\u0119cie uchwa\u0142y w sprawie pokrycia straty za 2020r. z zysk\u00f3w z przysz\u0142ych okres\u00f3w.<\/li><li>Zamkni\u0119cie obrad.<\/li><\/ol>\n\n\n\n<p><\/p>\n\n\n\n<p><em>01-05-2020<\/em><\/p>\n\n\n\n<p><strong>Zarz\u0105d Euro Providus SA z siedzib\u0105 w Cz\u0119stochowie, ul. Rac\u0142awicka 22 wpisany do Krajowego Rejestru S\u0105dowego pod numerem KRS 0000248917, dzia\u0142aj\u0105c na podstawie art. 395, w zwi\u0105zku z art. 399 \u00a7 1 i art. 402 \u00a7 1 Kodeksu Sp\u00f3\u0142ek Handlowych, zwo\u0142uje Zwyczajne Walne Zgromadzenie Sp\u00f3\u0142ki Euro Providus S.A. na dzie\u0144 3 czerwca 2020 r. o godz. 13.00, kt\u00f3re odb\u0119dzie si\u0119 w Kancelarii Notarialnej Paw\u0142a Gand\u017cy we Wroc\u0142awiu, przy ul. Powsta\u0144c\u00f3w \u015al\u0105skich 1\/30.<\/strong><\/p>\n\n\n\n<p>Porz\u0105dek obrad:<\/p>\n\n\n\n<ol><li>Otwarcie Zgromadzenia.<\/li><li>Wyb\u00f3r Przewodnicz\u0105cego Zgromadzenia.<\/li><li>Przyj\u0119cie porz\u0105dku obrad oraz stwierdzenie prawid\u0142owo\u015bci zwo\u0142ania Zgromadzenia oraz jego zdolno\u015bci do podejmowania uchwa\u0142.<\/li><li>Podj\u0119cie uchwa\u0142y w sprawie zatwierdzenia sprawozdania Zarz\u0105du z dzia\u0142alno\u015bci Sp\u00f3\u0142ki w roku 2019 oraz sprawozdania finansowego za rok obrotowy 2019.<\/li><li>Podj\u0119cie uchwa\u0142y w sprawie dalszego istnienia Sp\u00f3\u0142ki.<\/li><li>Podj\u0119cie uchwa\u0142y w sprawie udzielenia absolutorium Prezesowi Zarz\u0105du z wykonania obowi\u0105zk\u00f3w w roku obrotowym 2019.<\/li><li>Podj\u0119cie uchwa\u0142 w sprawie udzielenia absolutorium cz\u0142onkom Rady Nadzorczej z wykonania obowi\u0105zk\u00f3w w roku obrotowym 2019.<\/li><li>Podj\u0119cie uchwa\u0142y w sprawie pokrycia straty Sp\u00f3\u0142ki za rok 2019 z zysku z przysz\u0142ych okres\u00f3w.<\/li><li>Podj\u0119cie uchwa\u0142y w sprawie odwo\u0142ania dotychczasowego Prezesa Zarz\u0105du \u2013 Tomasza Kostyry.<\/li><li>Podj\u0119cie uchwa\u0142y w sprawie powo\u0142ania Prezesa Zarz\u0105du w osobie Przemys\u0142awa Szybowskiego.<\/li><li>Podj\u0119cie uchwa\u0142y w sprawie powo\u0142ania Tomasza Kostyry w sk\u0142ad Rady Nadzorczej jako jej cz\u0142onka.<\/li><li>Podj\u0119cie uchwa\u0142y w sprawie wysoko\u015bci wynagrodzenia Cz\u0142onk\u00f3w Rady Nadzorczej.<\/li><li>Podj\u0119cie uchwa\u0142y w sprawie upowa\u017cnienia Prezesa Zarz\u0105du do zawarcia z biurem maklerskim \u2013 Dom Maklerski \u201e Navigaotr\u201d S.A., 00-105 Warszawa, ul. Twarda 18 umowy rejestracji papier\u00f3w warto\u015bciowych w postaci 40.000 akcji Sp\u00f3\u0142ki Serii A imiennych, uprzywilejowanych co do g\u0142osu i prawa dywidendy oraz 10.000 akcji serii B imiennych, jak r\u00f3wnie\u017c wezwania akcjonariuszy do z\u0142o\u017cenia dokument\u00f3w akcji.<\/li><li>Zamkni\u0119cie obrad.<\/li><\/ol>\n\n\n\n<p><strong><em>Prawo uczestniczenia w Walnym Zgromadzeniu przys\u0142uguje posiadaczom akcji imiennych i akcji na&nbsp;<\/em><\/strong><strong><em>okaziciela po spe\u0142nieniu wymog\u00f3w przewidzianych w art. 406 \u00a7 2 k.s.h. Akcje na okaziciela nale\u017cy z\u0142o\u017cy\u0107 w lokalu Sp\u00f3\u0142ki w Cz\u0119stochowie, najp\u00f3\u017aniej na tydzie\u0144 przed terminem Zgromadzenia i pozostawi\u0107 w Sp\u00f3\u0142ce do zako\u0144czenia Zgromadzenia. Dokumenty zwi\u0105zane ze sprawami obj\u0119tymi porz\u0105dkiem obrad b\u0119d\u0105 udost\u0119pnione zgodnie z art. 407 \u00a7 2 k.s.h.\u201d<\/em><\/strong><\/p>\n\n\n\n<p><\/p>\n\n\n\n<p><em>23-06-2020<\/em><\/p>\n\n\n\n<p>Zarz\u0105d sp\u00f3\u0142ki pod firm\u0105 Euro Providus S.A. z siedzib\u0105 w Cz\u0119stochowie (dalej \u201eSp\u00f3\u0142ka\u201d) w zwi\u0105zku z art. 16 ustawy z dnia 30 sierpnia 2019 roku o zmianie ustawy &#8211; Kodeks sp\u00f3\u0142ek handlowych oraz niekt\u00f3rych innych ustaw (Dz.U. z 2019 r. poz. 1798) wzywa akcjonariusza Sp\u00f3\u0142ki Christopha Szara\u0144ca do z\u0142o\u017cenia posiadanych dokument\u00f3w akcji w celu ich dematerializacji. Dokumenty akcji nale\u017cy sk\u0142ada\u0107 w siedzibie Sp\u00f3\u0142ki tj. ul. Rac\u0142awicka 22, 42-200 Cz\u0119stochowa, w dniach roboczych (od poniedzia\u0142ki do pi\u0105tku) w godzinach 9.00 \u2013 17.00. Z\u0142o\u017cenie dokument\u00f3w akcji odb\u0119dzie si\u0119 za pisemnym pokwitowaniem wydanym akcjonariuszowi.&nbsp;Niniejsze wezwanie jest pierwszym, spo\u015br\u00f3d pi\u0119ciu wymaganych przez ww. przepis prawa.<\/p>\n\n\n\n<p><\/p>\n\n\n\n<p><em>15-10-2020<\/em><\/p>\n\n\n\n<p><strong>DRUGIE WEZWANIE DO Z\u0141O\u017bENIA AKCJI W SP\u00d3\u0141CE<\/strong><\/p>\n\n\n\n<p>W zwi\u0105zku z wej\u015bciem w \u017cycie ustawy z dnia 30 sierpnia 2019 r. o zmianie ustawy Kodeks sp\u00f3\u0142ek handlowych oraz niekt\u00f3rych innych ustaw (Dz. U. z 2019 r., poz. 1798), dalej jako \u201eUstawa\u201d, Euro Providus SA (dalej jako:&nbsp;\u201eSp\u00f3\u0142ka\u201d), informuje akcjonariuszy o wprowadzeniu do polskiego porz\u0105dku prawnego&nbsp;obowi\u0105zkowej dematerializacji akcji sp\u00f3\u0142ek, kt\u00f3ra oznacza zast\u0105pienie papierowej formy akcji zapisem elektronicznym w rejestrze akcjonariuszy&nbsp;prowadzonym przez podmiot, o kt\u00f3rym mowa w art. 328<sup>1<\/sup>&nbsp;&nbsp;\u00a7 2 Kodeksu sp\u00f3\u0142ek handlowych w brzmieniu okre\u015blonym Ustaw\u0105.<\/p>\n\n\n\n<p>Zgodnie z wprowadzonymi zmianami moc obowi\u0105zuj\u0105cych dokument\u00f3w akcji wydanych przez Sp\u00f3\u0142k\u0119 wygasa z mocy prawa z dniem 1 marca 2021 r. Po tym dniu akcje nie b\u0119d\u0105 dokumentem potwierdzaj\u0105cym status akcjonariusza, lecz wy\u0142\u0105cznie dokumentem dowodowym, niezb\u0119dnym do aktualizacji&nbsp;elektronicznego rejestru akcjonariuszy. Natomiast po dniu 1 marca 2026 r. nast\u0105pi utrata ochrony praw cz\u0142onkowskich przez akcjonariuszy, kt\u00f3rych dokumenty&nbsp;akcji nie zosta\u0142y z\u0142o\u017cone w sp\u00f3\u0142ce i nie zosta\u0142y uj\u0119te w elektronicznym rejestrze akcjonariuszy.<\/p>\n\n\n\n<p>W zwi\u0105zku z powy\u017cszymi zmianami, zarz\u0105d Sp\u00f3\u0142ki wzywa&nbsp;&nbsp;po raz drugi akcjonariusza Sp\u00f3\u0142ki Christopha Szara\u0144ca do z\u0142o\u017cenia posiadanych dokument\u00f3w akcji w terminie do dnia 28 lutego 2021r. w celu ich dematerializacji. Dokumenty akcji nale\u017cy sk\u0142ada\u0107 w siedzibie Sp\u00f3\u0142ki tj. ul. Rac\u0142awicka 22, 42-200 Cz\u0119stochowa, w dniach roboczych (od poniedzia\u0142ku do pi\u0105tku) w godzinach 9.00 \u2013 17.00.<\/p>\n\n\n\n<p><\/p>\n\n\n\n<p><em>04-11-2020<\/em><\/p>\n\n\n\n<p><strong>TRZECIE WEZWANIE DO Z\u0141O\u017bENIA AKCJI W SP\u00d3\u0141CE<\/strong><\/p>\n\n\n\n<p>W zwi\u0105zku z wej\u015bciem w \u017cycie ustawy z dnia 30 sierpnia 2019 r. o zmianie ustawy Kodeks sp\u00f3\u0142ek handlowych oraz niekt\u00f3rych innych ustaw (Dz. U. z 2019 r., poz. 1798), dalej jako \u201eUstawa\u201d, Euro Providus SA (dalej jako: \u201eSp\u00f3\u0142ka\u201d), informuje akcjonariuszy o wprowadzeniu do polskiego porz\u0105dku prawnego obowi\u0105zkowej dematerializacji akcji sp\u00f3\u0142ek, kt\u00f3ra oznacza zast\u0105pienie papierowej formy akcji zapisem elektronicznym w rejestrze akcjonariuszy prowadzonym przez podmiot, o kt\u00f3rym mowa w art. 3281 \u00a7 2 Kodeksu sp\u00f3\u0142ek handlowych w brzmieniu okre\u015blonym Ustaw\u0105.<\/p>\n\n\n\n<p>Zgodnie z wprowadzonymi zmianami moc obowi\u0105zuj\u0105cych dokument\u00f3w akcji wydanych przez Sp\u00f3\u0142k\u0119 wygasa z mocy prawa z dniem 1 marca 2021 r. Po tym dniu akcje nie b\u0119d\u0105 dokumentem potwierdzaj\u0105cym status akcjonariusza, lecz wy\u0142\u0105cznie dokumentem dowodowym, niezb\u0119dnym do aktualizacji elektronicznego rejestru akcjonariuszy. Natomiast po dniu 1 marca 2026 r. nast\u0105pi utrata ochrony praw cz\u0142onkowskich przez akcjonariuszy, kt\u00f3rych dokumenty akcji nie zosta\u0142y z\u0142o\u017cone w sp\u00f3\u0142ce i nie zosta\u0142y uj\u0119te w elektronicznym rejestrze akcjonariuszy.<\/p>\n\n\n\n<p>W zwi\u0105zku z powy\u017cszymi zmianami, zarz\u0105d Sp\u00f3\u0142ki wzywa po raz trzeci akcjonariusza Sp\u00f3\u0142ki Christopha Szara\u0144ca do z\u0142o\u017cenia posiadanych dokument\u00f3w akcji w terminie do dnia 28 lutego 2021r. w celu ich dematerializacji. Dokumenty akcji nale\u017cy sk\u0142ada\u0107 w siedzibie Sp\u00f3\u0142ki tj. ul. Rac\u0142awicka 22, 42-200 Cz\u0119stochowa, w dniach roboczych (od poniedzia\u0142ku do pi\u0105tku) w godzinach 9.00 \u2013 17.00.<\/p>\n\n\n\n<p><\/p>\n\n\n\n<p><em>02-12-2020<\/em><\/p>\n\n\n\n<p><strong>CZWARTE WEZWANIE DO Z\u0141O\u017bENIA AKCJI W SP\u00d3\u0141CE<\/strong><\/p>\n\n\n\n<p>W zwi\u0105zku z wej\u015bciem w \u017cycie ustawy z dnia 30 sierpnia 2019 r. o zmianie ustawy Kodeks sp\u00f3\u0142ek handlowych oraz niekt\u00f3rych innych ustaw (Dz. U. z 2019 r., poz. 1798), dalej jako \u201e<strong>Ustawa<\/strong>\u201d, Euro Providus SA (dalej jako:&nbsp;\u201e<strong>Sp\u00f3\u0142ka\u201d<\/strong>), informuje akcjonariuszy o wprowadzeniu do polskiego porz\u0105dku prawnego&nbsp;<strong>obowi\u0105zkowej dematerializacji akcji sp\u00f3\u0142ek, kt\u00f3ra oznacza zast\u0105pienie papierowej formy akcji zapisem elektronicznym w rejestrze akcjonariuszy&nbsp;<\/strong>prowadzonym przez podmiot, o kt\u00f3rym mowa w art. 328<sup>1<\/sup>&nbsp;&nbsp;\u00a7 2 Kodeksu sp\u00f3\u0142ek handlowych w brzmieniu okre\u015blonym Ustaw\u0105.<\/p>\n\n\n\n<p>Zgodnie z wprowadzonymi zmianami moc obowi\u0105zuj\u0105cych dokument\u00f3w akcji wydanych przez Sp\u00f3\u0142k\u0119 wygasa z mocy prawa z dniem 1 marca 2021 r. Po tym dniu akcje nie b\u0119d\u0105 dokumentem potwierdzaj\u0105cym status akcjonariusza, lecz wy\u0142\u0105cznie dokumentem dowodowym, niezb\u0119dnym do aktualizacji&nbsp;<strong>elektronicznego rejestru akcjonariuszy<\/strong>. Natomiast po dniu 1 marca 2026 r. nast\u0105pi utrata ochrony praw cz\u0142onkowskich przez akcjonariuszy, kt\u00f3rych dokumenty&nbsp;<strong>akcji nie zosta\u0142y z\u0142o\u017cone w sp\u00f3\u0142ce i nie zosta\u0142y uj\u0119te w elektronicznym rejestrze akcjonariuszy<\/strong>.<\/p>\n\n\n\n<p>W zwi\u0105zku z powy\u017cszymi zmianami, <strong>zarz\u0105d Sp\u00f3\u0142ki wzywa&nbsp;<\/strong><strong> po raz czwarty akcjonariuszy do z\u0142o\u017cenia posiadanych dokument\u00f3w akcji w terminie do dnia 28 lutego 2021r. w celu ich dematerializacji. Dokumenty akcji nale\u017cy sk\u0142ada\u0107 w siedzibie Sp\u00f3\u0142ki tj. ul. Rac\u0142awicka 22, 42-200 Cz\u0119stochowa, w dniach roboczych (od poniedzia\u0142ku do pi\u0105tku) w godzinach 9.00 \u2013 17.00.<\/strong><strong><\/strong><\/p>\n\n\n\n<p><\/p>\n","protected":false},"excerpt":{"rendered":"<p>Zarz\u0105d sp\u00f3\u0142ki pod firm\u0105 Euro Providus S.A. z siedzib\u0105 w Cz\u0119stochowie (dalej \u201eSp\u00f3\u0142ka\u201d) w zwi\u0105zku z art. 16 ustawy z dnia 30 sierpnia 2019 roku o zmianie ustawy &#8211; Kodeks sp\u00f3\u0142ek handlowych oraz niekt\u00f3rych innych ustaw (Dz.U. z 2019 r. poz. 1798) wzywa akcjonariusza Sp\u00f3\u0142ki Christopha Szara\u0144ca do z\u0142o\u017cenia posiadanych dokument\u00f3w akcji w celu ich dematerializacji.<\/p>\n","protected":false},"author":1,"featured_media":1644,"comment_status":"closed","ping_status":"open","sticky":false,"template":"","format":"standard","meta":[],"categories":[61],"tags":[],"_links":{"self":[{"href":"https:\/\/europrovidus.com.pl\/site\/index.php?rest_route=\/wp\/v2\/posts\/1538"}],"collection":[{"href":"https:\/\/europrovidus.com.pl\/site\/index.php?rest_route=\/wp\/v2\/posts"}],"about":[{"href":"https:\/\/europrovidus.com.pl\/site\/index.php?rest_route=\/wp\/v2\/types\/post"}],"author":[{"embeddable":true,"href":"https:\/\/europrovidus.com.pl\/site\/index.php?rest_route=\/wp\/v2\/users\/1"}],"replies":[{"embeddable":true,"href":"https:\/\/europrovidus.com.pl\/site\/index.php?rest_route=%2Fwp%2Fv2%2Fcomments&post=1538"}],"version-history":[{"count":13,"href":"https:\/\/europrovidus.com.pl\/site\/index.php?rest_route=\/wp\/v2\/posts\/1538\/revisions"}],"predecessor-version":[{"id":1869,"href":"https:\/\/europrovidus.com.pl\/site\/index.php?rest_route=\/wp\/v2\/posts\/1538\/revisions\/1869"}],"wp:featuredmedia":[{"embeddable":true,"href":"https:\/\/europrovidus.com.pl\/site\/index.php?rest_route=\/wp\/v2\/media\/1644"}],"wp:attachment":[{"href":"https:\/\/europrovidus.com.pl\/site\/index.php?rest_route=%2Fwp%2Fv2%2Fmedia&parent=1538"}],"wp:term":[{"taxonomy":"category","embeddable":true,"href":"https:\/\/europrovidus.com.pl\/site\/index.php?rest_route=%2Fwp%2Fv2%2Fcategories&post=1538"},{"taxonomy":"post_tag","embeddable":true,"href":"https:\/\/europrovidus.com.pl\/site\/index.php?rest_route=%2Fwp%2Fv2%2Ftags&post=1538"}],"curies":[{"name":"wp","href":"https:\/\/api.w.org\/{rel}","templated":true}]}}